{"id":718,"date":"2026-02-13T14:19:36","date_gmt":"2026-02-13T14:19:36","guid":{"rendered":"https:\/\/lucasrocca.com.ar\/?p=718"},"modified":"2026-02-17T12:52:54","modified_gmt":"2026-02-17T12:52:54","slug":"alquiler-comercial-trevelin","status":"publish","type":"post","link":"https:\/\/lucasrocca.com.ar\/index.php\/2026\/02\/13\/alquiler-comercial-trevelin\/","title":{"rendered":"ALQUILER COMERCIAL- TREVELIN"},"content":{"rendered":"\n<figure class=\"wp-block-image size-large\"><img loading=\"lazy\" decoding=\"async\" width=\"768\" height=\"1024\" src=\"https:\/\/lucasrocca.com.ar\/wp-content\/uploads\/2026\/02\/IMG_7753-768x1024.jpeg\" alt=\"\" class=\"wp-image-719\"\/><\/figure>\n\n\n\n<figure class=\"wp-block-image size-large\"><img loading=\"lazy\" decoding=\"async\" width=\"768\" height=\"1024\" src=\"https:\/\/lucasrocca.com.ar\/wp-content\/uploads\/2026\/02\/IMG_7754-768x1024.jpeg\" alt=\"\" class=\"wp-image-721\"\/><\/figure>\n\n\n\n<p><\/p>\n\n\n\n<p><strong>\ud83d\udccdLOCAL EN ALQUILER- Trevelin<\/strong><\/p>\n\n\n\n<p>&#8211;<strong>Ubicado <\/strong>en calle Rio <strong>Corintos <\/strong>1533<\/p>\n\n\n\n<p>Dispone de:<\/p>\n\n\n\n<p>\ud83d\udccf 45 m\u00b2<br>\u26a1 Luz trif\u00e1sica<br>\ud83d\udec1 1 ba\u00f1o<br>\ud83d\udce6 Peque\u00f1o dep\u00f3sito detr\u00e1s<\/p>\n\n\n\n<p><\/p>\n\n\n\n<p><\/p>\n","protected":false},"excerpt":{"rendered":"<p>\ud83d\udccdLOCAL EN ALQUILER- Trevelin &#8211;Ubicado en calle Rio Corintos 1533 Dispone de: \ud83d\udccf 45 m\u00b2\u26a1 Luz trif\u00e1sica\ud83d\udec1 1 ba\u00f1o\ud83d\udce6 Peque\u00f1o dep\u00f3sito detr\u00e1s<\/p>\n","protected":false},"author":1,"featured_media":0,"comment_status":"open","ping_status":"open","sticky":false,"template":"","format":"standard","meta":{"_et_pb_use_builder":"","_et_pb_old_content":"","_et_gb_content_width":"","footnotes":""},"categories":[7,1],"tags":[],"class_list":["post-718","post","type-post","status-publish","format-standard","hentry","category-alquiler","category-blog"],"_links":{"self":[{"href":"https:\/\/lucasrocca.com.ar\/index.php\/wp-json\/wp\/v2\/posts\/718","targetHints":{"allow":["GET"]}}],"collection":[{"href":"https:\/\/lucasrocca.com.ar\/index.php\/wp-json\/wp\/v2\/posts"}],"about":[{"href":"https:\/\/lucasrocca.com.ar\/index.php\/wp-json\/wp\/v2\/types\/post"}],"author":[{"embeddable":true,"href":"https:\/\/lucasrocca.com.ar\/index.php\/wp-json\/wp\/v2\/users\/1"}],"replies":[{"embeddable":true,"href":"https:\/\/lucasrocca.com.ar\/index.php\/wp-json\/wp\/v2\/comments?post=718"}],"version-history":[{"count":2,"href":"https:\/\/lucasrocca.com.ar\/index.php\/wp-json\/wp\/v2\/posts\/718\/revisions"}],"predecessor-version":[{"id":722,"href":"https:\/\/lucasrocca.com.ar\/index.php\/wp-json\/wp\/v2\/posts\/718\/revisions\/722"}],"wp:attachment":[{"href":"https:\/\/lucasrocca.com.ar\/index.php\/wp-json\/wp\/v2\/media?parent=718"}],"wp:term":[{"taxonomy":"category","embeddable":true,"href":"https:\/\/lucasrocca.com.ar\/index.php\/wp-json\/wp\/v2\/categories?post=718"},{"taxonomy":"post_tag","embeddable":true,"href":"https:\/\/lucasrocca.com.ar\/index.php\/wp-json\/wp\/v2\/tags?post=718"}],"curies":[{"name":"wp","href":"https:\/\/api.w.org\/{rel}","templated":true}]}}